{"id":3249,"date":"2023-04-03T21:02:18","date_gmt":"2023-04-03T21:02:18","guid":{"rendered":"https:\/\/nestbau.hu\/?p=3249"},"modified":"2023-06-02T10:38:43","modified_gmt":"2023-06-02T10:38:43","slug":"miert-ajanljuk-gyenesdiast-es-terseget","status":"publish","type":"post","link":"https:\/\/nestbau.hu\/hu_hu\/lakopark\/miert-ajanljuk-gyenesdiast-es-terseget\/","title":{"rendered":"Mi\u00e9rt aj\u00e1nljuk Gyenesdi\u00e1st \u00e9s t\u00e9rs\u00e9g\u00e9t?"},"content":{"rendered":"\n<p><strong>Mi\u00e9rt aj\u00e1nljuk Gyenesdi\u00e1st \u00e9s k\u00f6rny\u00e9k\u00e9t? <\/strong><\/p>\n\n\n\n<p>Gyenesdi\u00e1s \u00e9s k\u00f6rny\u00e9ke sz\u00e1mos \u00e9rdekes l\u00e1tnival\u00f3val \u00e9s szolg\u00e1ltat\u00e1ssal b\u00edr, amelyek vonz\u00f3ak lehetnek a turist\u00e1knak \u00e9s azok sz\u00e1m\u00e1ra is, akik az idek\u00f6lt\u00f6z\u00e9st fontolgatj\u00e1k.<br>\u00cdme n\u00e9h\u00e1ny \u00e9rv, mely Gyenesdi\u00e1s telep\u00fcl\u00e9se mellett sz\u00f3l:<\/p>\n\n\n\n<p><strong>Gy\u00f6ny\u00f6r\u0171 term\u00e9szeti k\u00f6rnyezet<\/strong><\/p>\n\n\n\n<p>Gyenesdi\u00e1s a Balaton \u00e9szaki partj\u00e1n tal\u00e1lhat\u00f3 \u00e9s leny\u0171g\u00f6z\u0151 term\u00e9szeti k\u00f6rnyezettel rendelkezik &#8211; a Keszthelyi-hegys\u00e9g \u00e9s a Balaton csod\u00e1latos l\u00e1tnival\u00f3kat k\u00edn\u00e1l \u00e9s sz\u00e1mos lehet\u0151s\u00e9get biztos\u00edt szabadid\u0151s tev\u00e9kenys\u00e9gekre, legyen az a kir\u00e1ndul\u00e1s, t\u00far\u00e1z\u00e1s, a ker\u00e9kp\u00e1roz\u00e1s, az \u00fasz\u00e1s, a horg\u00e1szat, a kajakoz\u00e1s vagy ak\u00e1r a vitorl\u00e1z\u00e1s. Keszthely v\u00e1ros \u00e9s a h\u00e9v\u00edzi gy\u00f3gyf\u00fcrd\u0151 k\u00f6zels\u00e9ge is igen vonz\u00f3 az idel\u00e1togat\u00f3k vagy -k\u00f6lt\u00f6z\u0151k sz\u00e1m\u00e1ra.<\/p>\n\n\n\n<p><strong>Tipp:<\/strong>&nbsp;Nyugat-balatoni l\u00e1tnival\u00f3kr\u00f3l itt olvashatnak:&nbsp;<a rel=\"noreferrer noopener\" href=\"https:\/\/west-balaton.hu\/\" target=\"_blank\">https:\/\/west-balaton.hu\/<\/a><\/p>\n\n\n\n<figure class=\"wp-block-gallery has-nested-images columns-default is-cropped wp-block-gallery-1 is-layout-flex wp-block-gallery-is-layout-flex\">\n<figure class=\"wp-block-image size-large\"><img fetchpriority=\"high\" decoding=\"async\" width=\"854\" height=\"640\" data-id=\"3635\" src=\"https:\/\/nestbau.hu\/wp-content\/uploads\/2023\/06\/Gyenesdiasi-Elado-Lakopark-4.jpg\" alt=\"Gyenesdi\u00e1s panor\u00e1ma k\u00e9p\" class=\"wp-image-3635\" srcset=\"https:\/\/nestbau.hu\/wp-content\/uploads\/2023\/06\/Gyenesdiasi-Elado-Lakopark-4.jpg 854w, https:\/\/nestbau.hu\/wp-content\/uploads\/2023\/06\/Gyenesdiasi-Elado-Lakopark-4-700x525.jpg 700w, https:\/\/nestbau.hu\/wp-content\/uploads\/2023\/06\/Gyenesdiasi-Elado-Lakopark-4-768x576.jpg 768w, https:\/\/nestbau.hu\/wp-content\/uploads\/2023\/06\/Gyenesdiasi-Elado-Lakopark-4-16x12.jpg 16w\" sizes=\"(max-width: 854px) 100vw, 854px\" \/><\/figure>\n\n\n\n<figure class=\"wp-block-image size-large\"><img decoding=\"async\" width=\"854\" height=\"640\" data-id=\"3634\" src=\"https:\/\/nestbau.hu\/wp-content\/uploads\/2023\/06\/Gyenesdiasi-Elado-Lakopark-3.jpg\" alt=\"Gyenesdi\u00e1s panor\u00e1ma k\u00e9p\" class=\"wp-image-3634\" srcset=\"https:\/\/nestbau.hu\/wp-content\/uploads\/2023\/06\/Gyenesdiasi-Elado-Lakopark-3.jpg 854w, https:\/\/nestbau.hu\/wp-content\/uploads\/2023\/06\/Gyenesdiasi-Elado-Lakopark-3-700x525.jpg 700w, https:\/\/nestbau.hu\/wp-content\/uploads\/2023\/06\/Gyenesdiasi-Elado-Lakopark-3-768x576.jpg 768w, https:\/\/nestbau.hu\/wp-content\/uploads\/2023\/06\/Gyenesdiasi-Elado-Lakopark-3-16x12.jpg 16w\" sizes=\"(max-width: 854px) 100vw, 854px\" \/><\/figure>\n\n\n\n<figure class=\"wp-block-image size-large\"><img decoding=\"async\" data-id=\"3633\" src=\"https:\/\/nestbau.hu\/wp-content\/uploads\/2023\/06\/Gyenesdiasi-Elado-Lakopark-2.jpg\" alt=\"Gyenesdi\u00e1s panor\u00e1ma k\u00e9p\" class=\"wp-image-3633\"\/><\/figure>\n<\/figure>\n\n\n\n<p><strong>Gazdag kultur\u00e1lis \u00f6r\u00f6ks\u00e9g<\/strong><\/p>\n\n\n\n<p>Gyenesdi\u00e1s \u00e9s a k\u00f6rny\u00e9kbeli telep\u00fcl\u00e9sek gazdag kultur\u00e1lis \u00f6r\u00f6ks\u00e9ggel rendelkeznek, bele\u00e9rtve a t\u00f6rt\u00e9nelmi v\u00e1rakat, romokat, m\u00fazeumokat, templomokat \u00e9s m\u00e1s m\u0171eml\u00e9keket. El\u00e9g csak Keszthelyre \u00e9s a Festeticsek \u00f6r\u00f6ks\u00e9g\u00e9re gondolni: a Festetics-kast\u00e9lyra a hatalmas z\u00f6ld parkj\u00e1val, a Helikoni Kast\u00e9lym\u00fazeumra, a var\u00e1zslatos Helikon Parkra, a Fenyves All\u00e9ra vagy \u00e9ppen a Fen\u00e9kpusztai Kiskast\u00e9lyra, amely \u00e9pp most \u00fajul meg.<\/p>\n\n\n\n<p><strong>Tipp:<\/strong>&nbsp;Olvassanak Keszthely gr\u00f3fi csal\u00e1dj\u00e1r\u00f3l itt:&nbsp;<a href=\"https:\/\/keszthely.hu\/valogatasok\/festetics-orokseg\/\" target=\"_blank\" rel=\"noreferrer noopener\">https:\/\/keszthely.hu\/valogatasok\/festetics-orokseg\/<\/a><\/p>\n\n\n\n<p><strong>Kiv\u00e1l\u00f3 gasztron\u00f3miai \u00e9lm\u00e9nyek<\/strong><\/p>\n\n\n\n<p>A t\u00e9rs\u00e9g sz\u00e1mos kiv\u00e1l\u00f3 \u00e9tteremmel rendelkezik, ahol az idel\u00e1togat\u00f3k \u00e9lvezhetik a friss, helyi term\u00e9kekb\u0151l k\u00e9sz\u00fclt \u00edzletes \u00e9teleket, de nemzetk\u00f6zi konyh\u00e1k is ugyan\u00fagy megtal\u00e1lhat\u00f3k a k\u00f6rny\u00e9ken. A badacsonyi borvid\u00e9k borait is j\u00f3sz\u00edvvel aj\u00e1nljuk!<\/p>\n\n\n\n<p><strong>Tipp:<\/strong>&nbsp;A Balatoni K\u00d6R tagjai a min\u0151s\u00e9gi bor\u00e1szat \u00e9s gasztron\u00f3mia olyan k\u00e9pvisel\u0151i, akik eg\u00e9sz \u00e9vben nyitva tartanak \u00e9s v\u00e1rj\u00e1k vend\u00e9geiket. A k\u00f6r c\u00e9lja, hogy helyi alapanyagokkal \u00e9s szolg\u00e1ltat\u00e1sokkal \u00e9p\u00edtkezve teremtsenek egy olyan k\u00f6rforg\u00e1st, ami a r\u00e9gi\u00f3t vonz\u00f3v\u00e1 \u00e9s \u00e9lhet\u0151v\u00e9 teszi, mindezt ig\u00e9nyes k\u00f6rnyezetben, a Balatonon.<\/p>\n\n\n\n<p>Tov\u00e1bbi r\u00e9szletek itt:&nbsp;<a href=\"https:\/\/balatonikor.hu\/\" target=\"_blank\" rel=\"noreferrer noopener\">https:\/\/balatonikor.hu\/<\/a><\/p>\n\n\n\n<p><strong>Bar\u00e1ts\u00e1gos k\u00f6z\u00f6ss\u00e9g<\/strong><\/p>\n\n\n\n<p>Gyenesdi\u00e1s \u00e9s a k\u00f6rny\u00e9kbeli telep\u00fcl\u00e9sek bar\u00e1ts\u00e1gos, \u00f6sszetart\u00f3 k\u00f6z\u00f6ss\u00e9get k\u00edn\u00e1lnak, emellett sz\u00e1mos k\u00f6z\u00f6ss\u00e9gi esem\u00e9ny sz\u00ednes\u00edti az itt \u00e9l\u0151k \u00e9s idel\u00e1togat\u00f3k mindennapjait &#8211; eg\u00e9sz \u00e9vben!<\/p>\n\n\n\n<p><strong>Tipp:<\/strong>&nbsp;Gyenesdi\u00e1s l\u00e1tnival\u00f3it \u00e9s programjait itt ismerhetik meg:&nbsp;<a rel=\"noreferrer noopener\" href=\"https:\/\/www.gyenesdias.info.hu\/programok\/latnivalok\/\" target=\"_blank\">https:\/\/www.gyenesdias.info.hu\/programok\/latnivalok\/<\/a><\/p>\n\n\n\n<p><strong>K\u00f6zleked\u00e9s \u00e9s infrastrukt\u00fara<\/strong><\/p>\n\n\n\n<p>A t\u00e9rs\u00e9gben remek a k\u00f6zleked\u00e9si infrastrukt\u00fara, mely lehet\u0151v\u00e9 teszi a gyors eljut\u00e1st nemcsak a k\u00f6rnyez\u0151 telep\u00fcl\u00e9sekre vagy turisztikai l\u00e1tnival\u00f3khoz, hanem Budapestre is. A vas\u00fati- \u00e9s aut\u00f3buszj\u00e1ratok gyakran \u00e9s rendk\u00edv\u00fcl sok ir\u00e1nyba k\u00f6zlekednek, valamint a k\u00f6z\u00fati h\u00e1l\u00f3zat is j\u00f3 \u00e1llapotban van.<\/p>\n\n\n\n<p>Mind az eg\u00e9szs\u00e9g\u00fcgyi ell\u00e1t\u00f3rendszer, mind a telep\u00fcl\u00e9s \u00e1ltal\u00e1nos iskol\u00e1ja magas sz\u00ednvonal\u00fa.&nbsp;K\u00f6z\u00e9piskol\u00e1k, illetve fels\u0151oktat\u00e1si int\u00e9zm\u00e9ny a k\u00f6zeli Keszthelyen \u00e9s a k\u00f6rnyez\u0151 v\u00e1rosokban tal\u00e1lhat\u00f3.<\/p>\n\n\n\n<p>Keszthely \u00e9s H\u00e9v\u00edz k\u00f6zels\u00e9g\u00e9nek h\u00e1la rendk\u00edv\u00fcl sok \u00fczlet, szolg\u00e1ltat\u00e1s k\u00f6nnyed\u00e9n el\u00e9rhet\u0151, ezek sz\u00ednvonala is kiemelked\u0151. Itt mindent megtal\u00e1l, aki a Balaton mellett k\u00e9pzeli el az \u00e9let\u00e9t!<\/p>\n\n\n\n<p><strong>Tipp:<\/strong>&nbsp;Keress\u00e9k fel a gyenesdi\u00e1si Els\u0151 Balatoni Hal- \u00e9s Termel\u0151i Piacot &#8211; helyi term\u00e9kek, finoms\u00e1gok, remek id\u0151t\u00f6lt\u00e9s:&nbsp;<a rel=\"noreferrer noopener\" href=\"https:\/\/www.facebook.com\/ElsoBalatoniHalEsTermeloiPiac\/?locale=hu_HU\" target=\"_blank\">https:\/\/www.facebook.com\/ElsoBalatoniHalEsTermeloiPiac\/?locale=hu_HU<\/a><\/p>\n\n\n\n<p><strong>V\u00e9g\u00fcl, de nem utols\u00f3 sorban: Gyenesdi\u00e1s strandjai<\/strong><\/p>\n\n\n\n<figure class=\"wp-block-image size-full\"><img decoding=\"async\" width=\"962\" height=\"640\" src=\"https:\/\/nestbau.hu\/wp-content\/uploads\/2023\/06\/Gyenesdiasi-Elado-Lakopark-1.jpg\" alt=\"\" class=\"wp-image-3632\" srcset=\"https:\/\/nestbau.hu\/wp-content\/uploads\/2023\/06\/Gyenesdiasi-Elado-Lakopark-1.jpg 962w, https:\/\/nestbau.hu\/wp-content\/uploads\/2023\/06\/Gyenesdiasi-Elado-Lakopark-1-700x466.jpg 700w, https:\/\/nestbau.hu\/wp-content\/uploads\/2023\/06\/Gyenesdiasi-Elado-Lakopark-1-768x511.jpg 768w, https:\/\/nestbau.hu\/wp-content\/uploads\/2023\/06\/Gyenesdiasi-Elado-Lakopark-1-18x12.jpg 18w\" sizes=\"(max-width: 962px) 100vw, 962px\" \/><\/figure>\n\n\n\n<p>Gyenesdi\u00e1s mindk\u00e9t strandja a legjobbak k\u00f6z\u00f6tt van &#8211; a Di\u00e1si J\u00e1t\u00e9kstrand \u00e9s a Gyenesi Lid\u00f3strand 2022-ben ism\u00e9t elnyerte a K\u00e9k Hull\u00e1m Z\u00e1szl\u00f3 5 csillagos strandmin\u0151s\u00edt\u00e9s\u00e9t.<\/p>\n\n\n\n<p>Az 5* min\u0151s\u00edt\u00e9s mellett mindk\u00e9t strand &#8222;Z\u00f6ld kit\u0171ntet\u0151 k\u00fcl\u00f6nd\u00edj&#8221; c\u00edmben r\u00e9szes\u00fclt a Balatoni Sz\u00f6vets\u00e9g j\u00f3volt\u00e1b\u00f3l.<\/p>\n\n\n\n<p><strong>Tipp:<\/strong>&nbsp;Mindk\u00e9t strandot szeretj\u00fck, magunk is haszn\u00e1ljuk \u00e9s j\u00f3 sz\u00edvvel aj\u00e1nljuk!<br>R\u00e9szletek \u00e9s tudnival\u00f3k a telep\u00fcl\u00e9s oldal\u00e1n tal\u00e1lhat\u00f3k r\u00f3luk:&nbsp;<a href=\"https:\/\/www.gyenesdias.info.hu\/hirek\/gyenesdias-strandjai-a-legjobbak-kozott\/\" target=\"_blank\" rel=\"noreferrer noopener\">https:\/\/www.gyenesdias.info.hu\/hirek\/gyenesdias-strandjai-a-legjobbak-kozott\/<\/a><\/p>\n\n\n\n<p>V\u00e1rjunk \u00d6n\u00f6ket szeretettel Gyenesdi\u00e1son!<\/p>\n\n\n\n<p>K\u00e9pek forr\u00e1sa:<a href=\"https:\/\/www.gyenesdias.info.hu\/\" target=\"_blank\" rel=\"noreferrer noopener\"> https:\/\/www.gyenesdias.info.hu\/<\/a><\/p>\n\n\n\n<p><br><\/p>\n","protected":false},"excerpt":{"rendered":"<p>Mi\u00e9rt aj\u00e1nljuk Gyenesdi\u00e1st \u00e9s k\u00f6rny\u00e9k\u00e9t? Gyenesdi\u00e1s \u00e9s k\u00f6rny\u00e9ke sz\u00e1mos \u00e9rdekes l\u00e1tnival\u00f3val \u00e9s szolg\u00e1ltat\u00e1ssal b\u00edr, amelyek vonz\u00f3ak lehetnek a turist\u00e1knak \u00e9s azok sz\u00e1m\u00e1ra is, akik az idek\u00f6lt\u00f6z\u00e9st fontolgatj\u00e1k.\u00cdme n\u00e9h\u00e1ny \u00e9rv, mely Gyenesdi\u00e1s telep\u00fcl\u00e9se mellett sz\u00f3l: Gy\u00f6ny\u00f6r\u0171 term\u00e9szeti k\u00f6rnyezet Gyenesdi\u00e1s a Balaton \u00e9szaki partj\u00e1n tal\u00e1lhat\u00f3 \u00e9s leny\u0171g\u00f6z\u0151 term\u00e9szeti k\u00f6rnyezettel rendelkezik &#8211; a Keszthelyi-hegys\u00e9g \u00e9s a Balaton csod\u00e1latos [&hellip;]<\/p>\n","protected":false},"author":3,"featured_media":3636,"comment_status":"closed","ping_status":"closed","sticky":false,"template":"","format":"standard","meta":{"_seopress_robots_primary_cat":"none","_seopress_titles_title":"Mi\u00e9rt aj\u00e1nljuk Gyenesdi\u00e1st \u00e9s t\u00e9rs\u00e9g\u00e9t? ","_seopress_titles_desc":"Gyenesdi\u00e1s \u00e9s k\u00f6rny\u00e9ke sz\u00e1mos \u00e9rdekes l\u00e1tnival\u00f3val \u00e9s szolg\u00e1ltat\u00e1ssal b\u00edr, amelyek vonz\u00f3ak lehetnek a turist\u00e1knak \u00e9s azok sz\u00e1m\u00e1ra is, akik az idek\u00f6lt\u00f6z\u00e9st fontolgatj\u00e1k.","_seopress_robots_index":"","footnotes":""},"categories":[19,16],"tags":[54,53],"class_list":["post-3249","post","type-post","status-publish","format-standard","has-post-thumbnail","hentry","category-ingatlanertekesites","category-lakopark","tag-balaton-eszaki-partja","tag-gyenesdias"],"_links":{"self":[{"href":"https:\/\/nestbau.hu\/hu_hu\/wp-json\/wp\/v2\/posts\/3249","targetHints":{"allow":["GET"]}}],"collection":[{"href":"https:\/\/nestbau.hu\/hu_hu\/wp-json\/wp\/v2\/posts"}],"about":[{"href":"https:\/\/nestbau.hu\/hu_hu\/wp-json\/wp\/v2\/types\/post"}],"author":[{"embeddable":true,"href":"https:\/\/nestbau.hu\/hu_hu\/wp-json\/wp\/v2\/users\/3"}],"replies":[{"embeddable":true,"href":"https:\/\/nestbau.hu\/hu_hu\/wp-json\/wp\/v2\/comments?post=3249"}],"version-history":[{"count":3,"href":"https:\/\/nestbau.hu\/hu_hu\/wp-json\/wp\/v2\/posts\/3249\/revisions"}],"predecessor-version":[{"id":3637,"href":"https:\/\/nestbau.hu\/hu_hu\/wp-json\/wp\/v2\/posts\/3249\/revisions\/3637"}],"wp:featuredmedia":[{"embeddable":true,"href":"https:\/\/nestbau.hu\/hu_hu\/wp-json\/wp\/v2\/media\/3636"}],"wp:attachment":[{"href":"https:\/\/nestbau.hu\/hu_hu\/wp-json\/wp\/v2\/media?parent=3249"}],"wp:term":[{"taxonomy":"category","embeddable":true,"href":"https:\/\/nestbau.hu\/hu_hu\/wp-json\/wp\/v2\/categories?post=3249"},{"taxonomy":"post_tag","embeddable":true,"href":"https:\/\/nestbau.hu\/hu_hu\/wp-json\/wp\/v2\/tags?post=3249"}],"curies":[{"name":"wp","href":"https:\/\/api.w.org\/{rel}","templated":true}]}}