{"id":3722,"date":"2023-08-28T12:52:43","date_gmt":"2023-08-28T12:52:43","guid":{"rendered":"https:\/\/nestbau.hu\/?p=3722"},"modified":"2023-08-28T12:52:46","modified_gmt":"2023-08-28T12:52:46","slug":"mit-tegyunk-ha-az-epitkezes-csuszik-es-kozeledik-a-tel","status":"publish","type":"post","link":"https:\/\/nestbau.hu\/hu_hu\/lakopark\/mit-tegyunk-ha-az-epitkezes-csuszik-es-kozeledik-a-tel\/","title":{"rendered":"Mit tegy\u00fcnk, ha az \u00e9p\u00edtkez\u00e9s cs\u00faszik \u00e9s k\u00f6zeledik a t\u00e9l?"},"content":{"rendered":"\n<p>Az \u00e9p\u00edtkez\u00e9sek vagy fel\u00faj\u00edt\u00e1sok mindig izgalmasak, de n\u00e9ha v\u00e1ratlan helyzetek ad\u00f3dhatnak, amelyek megakaszthatj\u00e1k a folyamatot.<br>Most a ny\u00e1ri forr\u00f3s\u00e1gban szinte elk\u00e9pzelhetetlennek \u00e9rezz\u00fck, hogy egyszer m\u00e9g \u00fajra f\u00e1zni fogunk. Igaz\u00e1n kellemetlen helyzetbe ker\u00fclhet\u00fcnk, ha azt vessz\u00fck \u00e9szre, k\u00f6zeledik a t\u00e9l, a munk\u00e1latok elh\u00faz\u00f3dnak, k\u00fcl\u00f6nf\u00e9le probl\u00e9m\u00e1k mer\u00fclnek fel\u2026 de van n\u00e9h\u00e1ny l\u00e9p\u00e9s, amit megtehet\u00fcnk, hogy minimaliz\u00e1ljuk az esetleges probl\u00e9m\u00e1kat.<\/p>\n\n\n\n<p><strong>1. Az el\u0151zetes tervek fel\u00fclvizsg\u00e1lata \u00e9s friss\u00edt\u00e9se<br><\/strong>Az egyik legfontosabb dolog, amit megtehet\u00fcnk, hogy id\u0151ben felismerj\u00fck a cs\u00fasz\u00e1s jeleit. Ha azt \u00e9szlelj\u00fck, hogy a munka nem halad el\u0151re a tervezett \u00fctemben, ne hagyjuk, hogy m\u00e9g tov\u00e1bb h\u00faz\u00f3djon. Az \u00e9szlel\u00e9s f\u00e9l siker, mert lehet\u0151s\u00e9get ad a tervek fel\u00fclvizsg\u00e1lat\u00e1ra \u00e9s sz\u00fcks\u00e9g eset\u00e9n friss\u00edt\u00e9s\u00e9re, vagy \u00faj szakemberek kiv\u00e1laszt\u00e1s\u00e1ra.<\/p>\n\n\n\n<p>Ak\u00e1r apr\u00f3nak, egy h\u00e1z eg\u00e9sz\u00e9hez k\u00e9pest csek\u00e9lyebb jelent\u0151s\u00e9g\u0171nek t\u0171n\u0151 dolog is lehet gyan\u00fas: ha a napelemrendszer nem k\u00e9sz\u00fcl el, vagy az energetikai korszer\u0171s\u00edt\u00e9s nem halad a megfelel\u0151 \u00fctemben, legy\u00fcnk r\u00e9sen!<\/p>\n\n\n\n<p><strong>2. J\u00f3 szakember kiv\u00e1laszt\u00e1sa<\/strong><br>Egy j\u00f3 szakember (kivitelez\u0151, tervez\u0151) kiv\u00e1laszt\u00e1sa kulcsfontoss\u00e1g\u00fa, hogy elker\u00fclj\u00fck a cs\u00fasz\u00e1sokat \u00e9s probl\u00e9m\u00e1kat az \u00e9p\u00edtkez\u00e9s vagy fel\u00faj\u00edt\u00e1s sor\u00e1n. Olyan gener\u00e1lkivitelez\u0151t v\u00e1lasszunk, aki tapasztalt a tervez\u00e9sben \u00e9s a kivitelez\u00e9sben egyar\u00e1nt, \u00e9s k\u00e9pes rugalmasan reag\u00e1lni a v\u00e1ltoz\u00f3 k\u00f6r\u00fclm\u00e9nyekre. Tal\u00e1n els\u0151re nem is gondoln\u00e1nk, hogy a g\u00e9pi f\u00f6ldmunk\u00e1k, a k\u00f6nny\u0171szerkezetes \u00e9p\u00fcletek alapoz\u00e1sa vagy a medence\u00e9p\u00edt\u00e9s is mekkora szak\u00e9rtelmet ig\u00e9nyel.<\/p>\n\n\n\n<p>\u00c9s ne f\u00e9lj\u00fcnk bontani is, ha kell &#8211; a bont\u00e1s, b\u00e1rmilyen furcs\u00e1n is hangzik, az \u00e9p\u00edtkez\u00e9s r\u00e9sze lehet!<\/p>\n\n\n\n<p><strong>3. T\u00e9li szempontok figyelembev\u00e9tele<\/strong><br>Ha a munk\u00e1latok elh\u00faz\u00f3dnak \u00e9s folytat\u00f3dnak a t\u00e9li h\u00f3napokban, fontos figyelembe venni a hideg id\u0151j\u00e1r\u00e1s kih\u00edv\u00e1sait. A h\u0151szigetel\u00e9s k\u00fcl\u00f6n\u00f6sen fontos, hogy meg\u0151rizz\u00fck az \u00e9p\u00edtkez\u00e9s ter\u00fclet\u00e9t a hidegt\u0151l. Ne felejts\u00fck el a sz\u00fcks\u00e9ges f\u0171t\u00e9si megold\u00e1sokat sem.<\/p>\n\n\n\n<figure class=\"wp-block-gallery has-nested-images columns-default is-cropped wp-block-gallery-1 is-layout-flex wp-block-gallery-is-layout-flex\">\n<figure class=\"wp-block-image size-large\"><img fetchpriority=\"high\" decoding=\"async\" width=\"810\" height=\"640\" data-id=\"3729\" src=\"https:\/\/nestbau.hu\/wp-content\/uploads\/2023\/08\/Lakopark-epitkezes-szakemberrel-5.jpg\" alt=\"\" class=\"wp-image-3729\" srcset=\"https:\/\/nestbau.hu\/wp-content\/uploads\/2023\/08\/Lakopark-epitkezes-szakemberrel-5.jpg 810w, https:\/\/nestbau.hu\/wp-content\/uploads\/2023\/08\/Lakopark-epitkezes-szakemberrel-5-700x553.jpg 700w, https:\/\/nestbau.hu\/wp-content\/uploads\/2023\/08\/Lakopark-epitkezes-szakemberrel-5-768x607.jpg 768w, https:\/\/nestbau.hu\/wp-content\/uploads\/2023\/08\/Lakopark-epitkezes-szakemberrel-5-15x12.jpg 15w\" sizes=\"(max-width: 810px) 100vw, 810px\" \/><\/figure>\n\n\n\n<figure class=\"wp-block-image size-large\"><img decoding=\"async\" width=\"1024\" height=\"576\" data-id=\"3728\" src=\"https:\/\/nestbau.hu\/wp-content\/uploads\/2023\/08\/Lakopark-epitkezes-szakemberrel-4-1024x576.jpg\" alt=\"\" class=\"wp-image-3728\" srcset=\"https:\/\/nestbau.hu\/wp-content\/uploads\/2023\/08\/Lakopark-epitkezes-szakemberrel-4-1024x576.jpg 1024w, https:\/\/nestbau.hu\/wp-content\/uploads\/2023\/08\/Lakopark-epitkezes-szakemberrel-4-700x394.jpg 700w, https:\/\/nestbau.hu\/wp-content\/uploads\/2023\/08\/Lakopark-epitkezes-szakemberrel-4-768x432.jpg 768w, https:\/\/nestbau.hu\/wp-content\/uploads\/2023\/08\/Lakopark-epitkezes-szakemberrel-4-18x10.jpg 18w, https:\/\/nestbau.hu\/wp-content\/uploads\/2023\/08\/Lakopark-epitkezes-szakemberrel-4.jpg 1138w\" sizes=\"(max-width: 1024px) 100vw, 1024px\" \/><\/figure>\n\n\n\n<figure class=\"wp-block-image size-large\"><img decoding=\"async\" width=\"948\" height=\"640\" data-id=\"3727\" src=\"https:\/\/nestbau.hu\/wp-content\/uploads\/2023\/08\/Lakopark-epitkezes-szakemberrel-3.jpg\" alt=\"\" class=\"wp-image-3727\" srcset=\"https:\/\/nestbau.hu\/wp-content\/uploads\/2023\/08\/Lakopark-epitkezes-szakemberrel-3.jpg 948w, https:\/\/nestbau.hu\/wp-content\/uploads\/2023\/08\/Lakopark-epitkezes-szakemberrel-3-700x473.jpg 700w, https:\/\/nestbau.hu\/wp-content\/uploads\/2023\/08\/Lakopark-epitkezes-szakemberrel-3-768x518.jpg 768w, https:\/\/nestbau.hu\/wp-content\/uploads\/2023\/08\/Lakopark-epitkezes-szakemberrel-3-18x12.jpg 18w\" sizes=\"(max-width: 948px) 100vw, 948px\" \/><\/figure>\n\n\n\n<figure class=\"wp-block-image size-large\"><img loading=\"lazy\" decoding=\"async\" width=\"920\" height=\"640\" data-id=\"3726\" src=\"https:\/\/nestbau.hu\/wp-content\/uploads\/2023\/08\/Lakopark-epitkezes-szakemberrel-2.jpg\" alt=\"\" class=\"wp-image-3726\" srcset=\"https:\/\/nestbau.hu\/wp-content\/uploads\/2023\/08\/Lakopark-epitkezes-szakemberrel-2.jpg 920w, https:\/\/nestbau.hu\/wp-content\/uploads\/2023\/08\/Lakopark-epitkezes-szakemberrel-2-700x487.jpg 700w, https:\/\/nestbau.hu\/wp-content\/uploads\/2023\/08\/Lakopark-epitkezes-szakemberrel-2-768x534.jpg 768w, https:\/\/nestbau.hu\/wp-content\/uploads\/2023\/08\/Lakopark-epitkezes-szakemberrel-2-18x12.jpg 18w\" sizes=\"(max-width: 920px) 100vw, 920px\" \/><\/figure>\n\n\n\n<figure class=\"wp-block-image size-large\"><img loading=\"lazy\" decoding=\"async\" width=\"861\" height=\"640\" data-id=\"3725\" src=\"https:\/\/nestbau.hu\/wp-content\/uploads\/2023\/08\/Lakopark-epitkezes-szakemberrel-1.jpg\" alt=\"\" class=\"wp-image-3725\" srcset=\"https:\/\/nestbau.hu\/wp-content\/uploads\/2023\/08\/Lakopark-epitkezes-szakemberrel-1.jpg 861w, https:\/\/nestbau.hu\/wp-content\/uploads\/2023\/08\/Lakopark-epitkezes-szakemberrel-1-700x520.jpg 700w, https:\/\/nestbau.hu\/wp-content\/uploads\/2023\/08\/Lakopark-epitkezes-szakemberrel-1-768x571.jpg 768w, https:\/\/nestbau.hu\/wp-content\/uploads\/2023\/08\/Lakopark-epitkezes-szakemberrel-1-16x12.jpg 16w\" sizes=\"(max-width: 861px) 100vw, 861px\" \/><\/figure>\n<\/figure>\n\n\n\n<p><strong>4. Az id\u0151z\u00edt\u00e9s fontoss\u00e1ga<\/strong><br>Az id\u0151z\u00edt\u00e9s szint\u00e9n kulcsfontoss\u00e1g\u00fa. P\u00e9ld\u00e1ul ha medence\u00e9p\u00edt\u00e9sre adjunk a fej\u00fcnket, gondoskodjunk arr\u00f3l, hogy az elk\u00e9sz\u00fclj\u00f6n, miel\u0151tt be\u00e1ll a fagyos id\u0151j\u00e1r\u00e1s. Az \u00e9p\u00edtkez\u00e9s sor\u00e1n v\u00e9gig sz\u00fcks\u00e9ges l\u00e9p\u00e9st kell tartani az id\u0151j\u00e1r\u00e1ssal, \u00e9s rugalmasan reag\u00e1lni a v\u00e1ltoz\u00e1sokra.<\/p>\n\n\n\n<p><strong>5. Az \u00fctemterv rugalmass\u00e1g\u00e1nak sz\u00fcks\u00e9gess\u00e9ge<\/strong><br>V\u00e9g\u00fcl, ne feledj\u00fck, hogy az \u00e9p\u00edtkez\u00e9s mindig hozhat mag\u00e1val v\u00e1ratlan helyzeteket. Legyen megfelel\u0151 tartal\u00e9k az \u00fctemtervben, hogy k\u00e9pesek legy\u00fcnk kezelni az ilyen helyzeteket.<\/p>\n\n\n\n<p>Az \u00e9p\u00edtkez\u00e9s vagy fel\u00faj\u00edt\u00e1s sor\u00e1n mindig el\u0151fordulhatnak v\u00e1ratlan esem\u00e9nyek \u00e9s cs\u00fasz\u00e1sok, de a megfelel\u0151 szak\u00e9rtelemmel \u00e9s el\u0151rel\u00e1t\u00e1ssal ezeket minimaliz\u00e1lni lehet. Az \u00e9p\u00edtkez\u00e9si folyamat sor\u00e1n egy j\u00f3 szakember, rugalmas tervek \u00e9s a megfelel\u0151 id\u0151z\u00edt\u00e9s mind seg\u00edthet abban, hogy az \u00faj otthonunk id\u0151ben elk\u00e9sz\u00fclj\u00f6n &#8211; m\u00e9g akkor is, ha a t\u00e9l k\u00f6zeledik.<\/p>\n\n\n\n<p><strong>+ 1<\/strong><br>V\u00e9gezet\u00fcl pedig amit a legink\u00e1bb j\u00f3 sz\u00edvvel aj\u00e1nlunk: magunkat.<\/p>\n\n\n\n<p>Ha megb\u00edzhat\u00f3 kivitelez\u0151t keres, aki szem el\u0151tt tartja ig\u00e9nyeit, legyen az anyagi, logisztikai vagy szakmai jelleg\u0171, j\u00f3 helyen j\u00e1r!<br>Ha inspir\u00e1ci\u00f3ra \u00e9s kreativit\u00e1sra van sz\u00fcks\u00e9ge h\u00e1za tervez\u00e9se, \u00e9p\u00edt\u00e9se sor\u00e1n, ne is keressen tov\u00e1bb.<br>Ha elveszettnek \u00e9rzi mag\u00e1t az enged\u00e9lyek \u00e9s a jogszab\u00e1lyok kapcs\u00e1n, r\u00e1nk biztosan sz\u00e1m\u00edthat.<\/p>\n\n\n\n<p>Ak\u00e1r tervez\u00e9sr\u0151l, ak\u00e1r kulcsrak\u00e9sz vagy szerkezeti kivitelez\u00e9sr\u0151l, fel\u00faj\u00edt\u00e1si munk\u00e1r\u00f3l van sz\u00f3, seg\u00edts\u00e9g\u00e9re lesz\u00fcnk az els\u0151 l\u00e9p\u00e9st\u0151l az utols\u00f3ig. Saj\u00e1t beruh\u00e1z\u00e1s\u00fa, m\u00e9g \u00e9p\u00fcl\u0151 projektjeink k\u00f6z\u00fcl is v\u00e1laszthat, de kulcsrak\u00e9sz ingatlanjaink k\u00f6zt is megtal\u00e1lhatja \u00e1lmai otthon\u00e1t! 20 \u00e9ve m\u0171k\u00f6d\u0151, 2004-ben alakult \u00e9p\u00edt\u0151ipari v\u00e1llalkoz\u00e1sunk a Nest-Bau Kft. seg\u00edts\u00e9g\u00e9re lesz, forduljon hozz\u00e1nk bizalommal!<\/p>\n","protected":false},"excerpt":{"rendered":"<p>Mai cikk\u00fcnkben azt j\u00e1rjuk k\u00f6r\u00fcl, mi t\u00f6rt\u00e9nik, ha az \u00e9p\u00edtkez\u00e9s-fel\u00faj\u00edt\u00e1s munk\u00e1lataiba hiba cs\u00faszik &#8211; vagy esetleg az eg\u00e9sz folyamat elh\u00faz\u00f3dni, net\u00e1n el\u00faszni l\u00e1tszik.<\/p>\n","protected":false},"author":1,"featured_media":3731,"comment_status":"closed","ping_status":"closed","sticky":false,"template":"","format":"standard","meta":{"_seopress_robots_primary_cat":"none","_seopress_titles_title":"","_seopress_titles_desc":"","_seopress_robots_index":"","footnotes":""},"categories":[39,16,17],"tags":[60,44,79,78,80],"class_list":["post-3722","post","type-post","status-publish","format-standard","has-post-thumbnail","hentry","category-epitkezes","category-lakopark","category-projektek","tag-energiahatekony","tag-epitoanyag","tag-jo-szakember","tag-tel","tag-utemterv"],"_links":{"self":[{"href":"https:\/\/nestbau.hu\/hu_hu\/wp-json\/wp\/v2\/posts\/3722","targetHints":{"allow":["GET"]}}],"collection":[{"href":"https:\/\/nestbau.hu\/hu_hu\/wp-json\/wp\/v2\/posts"}],"about":[{"href":"https:\/\/nestbau.hu\/hu_hu\/wp-json\/wp\/v2\/types\/post"}],"author":[{"embeddable":true,"href":"https:\/\/nestbau.hu\/hu_hu\/wp-json\/wp\/v2\/users\/1"}],"replies":[{"embeddable":true,"href":"https:\/\/nestbau.hu\/hu_hu\/wp-json\/wp\/v2\/comments?post=3722"}],"version-history":[{"count":1,"href":"https:\/\/nestbau.hu\/hu_hu\/wp-json\/wp\/v2\/posts\/3722\/revisions"}],"predecessor-version":[{"id":3732,"href":"https:\/\/nestbau.hu\/hu_hu\/wp-json\/wp\/v2\/posts\/3722\/revisions\/3732"}],"wp:featuredmedia":[{"embeddable":true,"href":"https:\/\/nestbau.hu\/hu_hu\/wp-json\/wp\/v2\/media\/3731"}],"wp:attachment":[{"href":"https:\/\/nestbau.hu\/hu_hu\/wp-json\/wp\/v2\/media?parent=3722"}],"wp:term":[{"taxonomy":"category","embeddable":true,"href":"https:\/\/nestbau.hu\/hu_hu\/wp-json\/wp\/v2\/categories?post=3722"},{"taxonomy":"post_tag","embeddable":true,"href":"https:\/\/nestbau.hu\/hu_hu\/wp-json\/wp\/v2\/tags?post=3722"}],"curies":[{"name":"wp","href":"https:\/\/api.w.org\/{rel}","templated":true}]}}